{"id":578,"date":"2023-02-27T20:32:59","date_gmt":"2023-02-27T19:32:59","guid":{"rendered":"https:\/\/chevrerie-du-houtland.fr\/?p=578"},"modified":"2023-02-27T20:34:56","modified_gmt":"2023-02-27T19:34:56","slug":"petronille-succede-a-jumelle","status":"publish","type":"post","link":"https:\/\/chevrerie-du-houtland.fr\/?p=578","title":{"rendered":"P\u00e9tronille succ\u00e8de \u00e0 Jumelle"},"content":{"rendered":"\n<p>C&rsquo;est au tour de P\u00e9tronille de donner naissance \u00e0 un petit bouc. Elle succ\u00e8de donc \u00e0 Jumelle qui a ouvert la p\u00e9riode des mises bas un jour avant elle. Le p&rsquo;tit mec est un superbe m\u00e9lange d&rsquo;alpine et de lorraine. P\u00e9tronille a rejoint la ch\u00e8vrerie au mois d&rsquo;ao\u00fbt 2022.<\/p>\n\n\n\n<div id='gallery-1' class='gallery galleryid-578 gallery-columns-2 gallery-size-medium'><figure class='gallery-item'>\n\t\t\t<div class='gallery-icon portrait'>\n\t\t\t\t<a href='https:\/\/chevrerie-du-houtland.fr\/?attachment_id=579'><img loading=\"lazy\" decoding=\"async\" width=\"225\" height=\"300\" src=\"https:\/\/chevrerie-du-houtland.fr\/wp-content\/uploads\/2023\/02\/PETRONILLE_NAIS_1-225x300.jpg\" class=\"attachment-medium size-medium\" alt=\"\" aria-describedby=\"gallery-1-579\" srcset=\"https:\/\/chevrerie-du-houtland.fr\/wp-content\/uploads\/2023\/02\/PETRONILLE_NAIS_1-225x300.jpg 225w, https:\/\/chevrerie-du-houtland.fr\/wp-content\/uploads\/2023\/02\/PETRONILLE_NAIS_1.jpg 600w\" sizes=\"auto, (max-width: 225px) 85vw, 225px\" \/><\/a>\n\t\t\t<\/div>\n\t\t\t\t<figcaption class='wp-caption-text gallery-caption' id='gallery-1-579'>\n\t\t\t\tA peine n\u00e9\n\t\t\t\t<\/figcaption><\/figure><figure class='gallery-item'>\n\t\t\t<div class='gallery-icon portrait'>\n\t\t\t\t<a href='https:\/\/chevrerie-du-houtland.fr\/?attachment_id=580'><img loading=\"lazy\" decoding=\"async\" width=\"225\" height=\"300\" src=\"https:\/\/chevrerie-du-houtland.fr\/wp-content\/uploads\/2023\/02\/PETRONILLE_NAIS_2-225x300.jpg\" class=\"attachment-medium size-medium\" alt=\"\" aria-describedby=\"gallery-1-580\" srcset=\"https:\/\/chevrerie-du-houtland.fr\/wp-content\/uploads\/2023\/02\/PETRONILLE_NAIS_2-225x300.jpg 225w, https:\/\/chevrerie-du-houtland.fr\/wp-content\/uploads\/2023\/02\/PETRONILLE_NAIS_2.jpg 600w\" sizes=\"auto, (max-width: 225px) 85vw, 225px\" \/><\/a>\n\t\t\t<\/div>\n\t\t\t\t<figcaption class='wp-caption-text gallery-caption' id='gallery-1-580'>\n\t\t\t\tEnfin bien sec\n\t\t\t\t<\/figcaption><\/figure><figure class='gallery-item'>\n\t\t\t<div class='gallery-icon portrait'>\n\t\t\t\t<a href='https:\/\/chevrerie-du-houtland.fr\/?attachment_id=581'><img loading=\"lazy\" decoding=\"async\" width=\"225\" height=\"300\" src=\"https:\/\/chevrerie-du-houtland.fr\/wp-content\/uploads\/2023\/02\/PETRONILLE_NAIS_3-225x300.jpg\" class=\"attachment-medium size-medium\" alt=\"\" aria-describedby=\"gallery-1-581\" srcset=\"https:\/\/chevrerie-du-houtland.fr\/wp-content\/uploads\/2023\/02\/PETRONILLE_NAIS_3-225x300.jpg 225w, https:\/\/chevrerie-du-houtland.fr\/wp-content\/uploads\/2023\/02\/PETRONILLE_NAIS_3.jpg 600w\" sizes=\"auto, (max-width: 225px) 85vw, 225px\" \/><\/a>\n\t\t\t<\/div>\n\t\t\t\t<figcaption class='wp-caption-text gallery-caption' id='gallery-1-581'>\n\t\t\t\tPas facile de tenir debout\n\t\t\t\t<\/figcaption><\/figure>\n\t\t<\/div>\n\n","protected":false},"excerpt":{"rendered":"<p>C&rsquo;est au tour de P\u00e9tronille de donner naissance \u00e0 un petit bouc. Elle succ\u00e8de donc \u00e0 Jumelle qui a ouvert la p\u00e9riode des mises bas un jour avant elle. Le p&rsquo;tit mec est un superbe m\u00e9lange d&rsquo;alpine et de lorraine. P\u00e9tronille a rejoint la ch\u00e8vrerie au mois d&rsquo;ao\u00fbt 2022.<\/p>\n","protected":false},"author":2,"featured_media":0,"comment_status":"closed","ping_status":"","sticky":false,"template":"","format":"standard","meta":{"footnotes":""},"categories":[3,6],"tags":[],"class_list":["post-578","post","type-post","status-publish","format-standard","hentry","category-les-chevres","category-les-evenements"],"_links":{"self":[{"href":"https:\/\/chevrerie-du-houtland.fr\/index.php?rest_route=\/wp\/v2\/posts\/578","targetHints":{"allow":["GET"]}}],"collection":[{"href":"https:\/\/chevrerie-du-houtland.fr\/index.php?rest_route=\/wp\/v2\/posts"}],"about":[{"href":"https:\/\/chevrerie-du-houtland.fr\/index.php?rest_route=\/wp\/v2\/types\/post"}],"author":[{"embeddable":true,"href":"https:\/\/chevrerie-du-houtland.fr\/index.php?rest_route=\/wp\/v2\/users\/2"}],"replies":[{"embeddable":true,"href":"https:\/\/chevrerie-du-houtland.fr\/index.php?rest_route=%2Fwp%2Fv2%2Fcomments&post=578"}],"version-history":[{"count":2,"href":"https:\/\/chevrerie-du-houtland.fr\/index.php?rest_route=\/wp\/v2\/posts\/578\/revisions"}],"predecessor-version":[{"id":583,"href":"https:\/\/chevrerie-du-houtland.fr\/index.php?rest_route=\/wp\/v2\/posts\/578\/revisions\/583"}],"wp:attachment":[{"href":"https:\/\/chevrerie-du-houtland.fr\/index.php?rest_route=%2Fwp%2Fv2%2Fmedia&parent=578"}],"wp:term":[{"taxonomy":"category","embeddable":true,"href":"https:\/\/chevrerie-du-houtland.fr\/index.php?rest_route=%2Fwp%2Fv2%2Fcategories&post=578"},{"taxonomy":"post_tag","embeddable":true,"href":"https:\/\/chevrerie-du-houtland.fr\/index.php?rest_route=%2Fwp%2Fv2%2Ftags&post=578"}],"curies":[{"name":"wp","href":"https:\/\/api.w.org\/{rel}","templated":true}]}}